{"id":183944,"date":"2023-09-26T16:16:50","date_gmt":"2023-09-26T14:16:50","guid":{"rendered":"https:\/\/www.apphoto.es\/the-green-revolution-in-every-print\/"},"modified":"2024-04-22T10:51:16","modified_gmt":"2024-04-22T08:51:16","slug":"the-green-revolution-in-every-print","status":"publish","type":"post","link":"https:\/\/www.apphoto.es\/en\/the-green-revolution-in-every-print\/","title":{"rendered":"The Green Revolution in Every Print"},"content":{"rendered":"\n<figure class=\"wp-block-image size-large is-resized\"><img decoding=\"async\" src=\"https:\/\/www.apphoto.es\/wp-content\/uploads\/2023\/09\/ecologico-AP-Photo-1024x498.jpg\" alt=\"|\" class=\"wp-image-175094\" style=\"width:910px;height:443px\" width=\"910\" height=\"443\" title=\"\" srcset=\"https:\/\/www.apphoto.es\/wp-content\/uploads\/2023\/09\/ecologico-AP-Photo-1024x498.jpg 1024w, https:\/\/www.apphoto.es\/wp-content\/uploads\/2023\/09\/ecologico-AP-Photo-400x194.jpg 400w, https:\/\/www.apphoto.es\/wp-content\/uploads\/2023\/09\/ecologico-AP-Photo-800x389.jpg 800w, https:\/\/www.apphoto.es\/wp-content\/uploads\/2023\/09\/ecologico-AP-Photo-64x31.jpg 64w, https:\/\/www.apphoto.es\/wp-content\/uploads\/2023\/09\/ecologico-AP-Photo-300x146.jpg 300w, https:\/\/www.apphoto.es\/wp-content\/uploads\/2023\/09\/ecologico-AP-Photo-150x73.jpg 150w, https:\/\/www.apphoto.es\/wp-content\/uploads\/2023\/09\/ecologico-AP-Photo-768x373.jpg 768w, https:\/\/www.apphoto.es\/wp-content\/uploads\/2023\/09\/ecologico-AP-Photo-1536x747.jpg 1536w, https:\/\/www.apphoto.es\/wp-content\/uploads\/2023\/09\/ecologico-AP-Photo-2048x996.jpg 2048w, https:\/\/www.apphoto.es\/wp-content\/uploads\/2023\/09\/ecologico-AP-Photo-990x481.jpg 990w, https:\/\/www.apphoto.es\/wp-content\/uploads\/2023\/09\/ecologico-AP-Photo-441x214.jpg 441w\" sizes=\"(max-width: 910px) 100vw, 910px\" \/><figcaption><\/figcaption><\/figure>\n\n<p class=\"wp-block-paragraph\">En AP Photo, creemos que <mark class=\"has-inline-color has-black-color\">colaborar <\/mark>con empresas que comparten nuestra pasi\u00f3n por la sostenibilidad y la preservaci\u00f3n del planeta hoy en d\u00eda es una prioridad. Es por ello que con esta entrada queremos que tomes conciencia de todo lo que supone trabajar codo con codo con Canon. En AP Photo queremos que seas consciente de que con la compra de un plotter fotogr\u00e1fico Canon haces m\u00e1s que una compra.<\/p>\n\n<div class=\"wp-block-buttons is-content-justification-center is-layout-flex wp-container-core-buttons-is-layout-fe48e5de wp-block-buttons-is-layout-flex\">\n<div class=\"wp-block-button\"><a target=\"_blank\" rel=\"noopener noreferrer\" class=\"wp-block-button__link has-text-align-center wp-element-button\" href=\"https:\/\/www.apphoto.es\/?s=image+PROGRAF+PRO&amp;post_type=product&amp;type_aws=true&amp;aws_id=1&amp;aws_filter=1&amp;lang=es&amp;awscat=Form%3A1+Filter%3AAll\">Ver Plotters Canon<\/a><\/div>\n<\/div>\n\n<div style=\"height:60px\" aria-hidden=\"true\" class=\"wp-block-spacer\"><\/div>\n\n<h2 class=\"wp-block-heading\">Acciones Concretas para la Sostenibilidad<\/h2>\n\n<ul class=\"wp-block-list\">\n<li><strong>Fabricaci\u00f3n Responsable:<\/strong> Canon se esfuerza por cumplir con est\u00e1ndares de calidad y sostenibilidad en su cadena de suministro. Han implementado normas globales de adquisici\u00f3n ambiental y social, as\u00ed como la certificaci\u00f3n ISO14001 para reducir las emisiones de CO2 de sus productos en un impresionante 40% desde 2008.<\/li>\n<\/ul>\n\n<ul class=\"wp-block-list\">\n<li><strong>Log\u00edstica Ecol\u00f3gica:<\/strong> Canon ha optimizado su log\u00edstica, consolidando ubicaciones de stock y reduciendo el tama\u00f1o de los productos para mejorar la eficiencia de carga. Adem\u00e1s, utilizan materiales reciclables como AIR SHELL para reducir el volumen de embalaje y las emisiones de carbono durante el transporte.<\/li>\n<\/ul>\n\n<ul class=\"wp-block-list\">\n<li><strong>Productos Energ\u00e9ticamente Eficientes:<\/strong> Canon se destaca en la fabricaci\u00f3n de productos energ\u00e9ticamente eficientes. Sus productos han ahorrado 49.858GWh de energ\u00eda entre 2008 y 2019, lo que equivale a una reducci\u00f3n de CO2 de 23.593.000 toneladas. Modelos como imageRUNNER ADVANCE y LBP162\/161 destacan por su menor consumo de energ\u00eda.<\/li>\n<\/ul>\n\n<div style=\"height:60px\" aria-hidden=\"true\" class=\"wp-block-spacer\"><\/div>\n\n<h2 class=\"wp-block-heading\"><strong>Compromiso con los Objetivos de Desarrollo Sostenible<\/strong><\/h2>\n\n<p class=\"wp-block-paragraph\"><mark style=\"background-color:rgba(0, 0, 0, 0)\" class=\"has-inline-color has-black-color\">Canon opera seg\u00fan la filosof\u00eda japonesa de Kyosei, que se traduce como &#8220;vivir y trabajar juntos por el bien com\u00fan&#8221;. En este contexto, el &#8220;bien com\u00fan&#8221; se define mediante los Objetivos de Desarrollo Sostenible (ODS) de las Naciones Unidas. Esta filosof\u00eda gu\u00eda a Canon en la gesti\u00f3n de sus impactos ambientales y sociales. <\/mark>Canon ha alineado sus pr\u00e1cticas empresariales con los ODS de la ONU, que abordan desaf\u00edos globales tan importantes como la pobreza, la desigualdad, el cambio clim\u00e1tico y la paz. Esto demuestra el compromiso de Canon en la b\u00fasqueda de un futuro m\u00e1s sostenible para todos.<\/p>\n\n<p class=\"wp-block-paragraph\">Canon ha sido galardonada con el prestigioso premio EcoVadis Gold Award desde 2013. Este est\u00e1ndar internacional reconoce a las empresas que destacan en cuestiones de responsabilidad social empresarial (RSE), incluyendo el impacto ambiental, los derechos humanos y las adquisiciones sostenibles.<\/p>\n\n<div style=\"height:60px\" aria-hidden=\"true\" class=\"wp-block-spacer\"><\/div>\n\n<h2 class=\"wp-block-heading\">Cerrando el Ciclo de Vida de Productos<\/h2>\n\n<p class=\"wp-block-paragraph\">Canon impulsa la econom\u00eda circular al promover la reutilizaci\u00f3n y reciclaje de productos. Ha reutilizado toneladas de productos y pl\u00e1sticos de productos usados, <\/p>\n\n<p class=\"wp-block-paragraph\">En AP Photo, nos enorgullece colaborar con Canon y apoyar sus esfuerzos por un mundo m\u00e1s sostenible. Juntos, estamos comprometidos con la causa ambiental y esperamos que estas acciones inspiren a otros a unirse a la lucha por un planeta m\u00e1s saludable.<\/p>\n\n<figure class=\"wp-block-image size-large\"><a target=\"_blank\" rel=\"noopener noreferrer\" href=\"https:\/\/www.apphoto.es\/?s=image+PROGRAF+PRO&amp;post_type=product&amp;type_aws=true&amp;aws_id=1&amp;aws_filter=1&amp;lang=es&amp;awscat=Form%3A1+Filter%3AAll\"><img decoding=\"async\" width=\"1024\" height=\"498\" src=\"https:\/\/www.apphoto.es\/wp-content\/uploads\/2023\/09\/plotters-fotograficos-canon-1024x498.jpg\" alt=\"|\" class=\"wp-image-175221\" title=\"\" srcset=\"https:\/\/www.apphoto.es\/wp-content\/uploads\/2023\/09\/plotters-fotograficos-canon-1024x498.jpg 1024w, https:\/\/www.apphoto.es\/wp-content\/uploads\/2023\/09\/plotters-fotograficos-canon-400x194.jpg 400w, https:\/\/www.apphoto.es\/wp-content\/uploads\/2023\/09\/plotters-fotograficos-canon-800x389.jpg 800w, https:\/\/www.apphoto.es\/wp-content\/uploads\/2023\/09\/plotters-fotograficos-canon-64x31.jpg 64w, https:\/\/www.apphoto.es\/wp-content\/uploads\/2023\/09\/plotters-fotograficos-canon-300x146.jpg 300w, https:\/\/www.apphoto.es\/wp-content\/uploads\/2023\/09\/plotters-fotograficos-canon-150x73.jpg 150w, https:\/\/www.apphoto.es\/wp-content\/uploads\/2023\/09\/plotters-fotograficos-canon-768x373.jpg 768w, https:\/\/www.apphoto.es\/wp-content\/uploads\/2023\/09\/plotters-fotograficos-canon-1536x747.jpg 1536w, https:\/\/www.apphoto.es\/wp-content\/uploads\/2023\/09\/plotters-fotograficos-canon-2048x996.jpg 2048w, https:\/\/www.apphoto.es\/wp-content\/uploads\/2023\/09\/plotters-fotograficos-canon-990x481.jpg 990w, https:\/\/www.apphoto.es\/wp-content\/uploads\/2023\/09\/plotters-fotograficos-canon-441x214.jpg 441w\" sizes=\"(max-width: 1024px) 100vw, 1024px\" \/><\/a><figcaption><\/figcaption><\/figure>\n\n<div class=\"wp-block-buttons is-content-justification-center is-layout-flex wp-container-core-buttons-is-layout-fe48e5de wp-block-buttons-is-layout-flex\">\n<div class=\"wp-block-button\"><a target=\"_blank\" rel=\"noopener noreferrer\" class=\"wp-block-button__link wp-element-button\" href=\"https:\/\/www.apphoto.es\/?s=image+PROGRAF+PRO&amp;post_type=product&amp;type_aws=true&amp;aws_id=1&amp;aws_filter=1&amp;lang=es&amp;awscat=Form%3A1+Filter%3AAll\">Ver Plotter Canon<\/a><\/div>\n<\/div>\n","protected":false},"excerpt":{"rendered":"<p>At AP Photo, we believe that collaborating with companies that share our passion for sustainability and the preservation of the planet today is a priority. That is why with this post we want you to become aware of everything that it means to work side by side with canon.  <\/p>\n","protected":false},"author":17810,"featured_media":175112,"comment_status":"open","ping_status":"closed","sticky":false,"template":"","format":"standard","meta":{"_acf_changed":false,"_kad_blocks_custom_css":"","_kad_blocks_head_custom_js":"","_kad_blocks_body_custom_js":"","_kad_blocks_footer_custom_js":"","_kadence_starter_templates_imported_post":false,"_kad_post_transparent":"","_kad_post_title":"","_kad_post_layout":"","_kad_post_sidebar_id":"","_kad_post_content_style":"","_kad_post_vertical_padding":"","_kad_post_feature":"","_kad_post_feature_position":"","_kad_post_header":false,"_kad_post_footer":false,"_kad_post_classname":"","footnotes":""},"categories":[5912,5911,5694],"tags":[],"class_list":["post-183944","post","type-post","status-publish","format-standard","has-post-thumbnail","hentry","category-canon-en","category-large-format-printing","category-professional-printing"],"acf":[],"taxonomy_info":{"category":[{"value":5912,"label":"CANON"},{"value":5911,"label":"Large Format Printing"},{"value":5694,"label":"Professional Printing"}]},"featured_image_src_large":["https:\/\/www.apphoto.es\/wp-content\/uploads\/2023\/09\/canon-ecologico-AP-APPHOTO-1024x498.jpg",1024,498,true],"author_info":{"display_name":"Rosa Garcia","author_link":"#"},"comment_info":0,"category_info":[{"term_id":5912,"name":"CANON","slug":"canon-en","term_group":0,"term_taxonomy_id":5912,"taxonomy":"category","description":"","parent":0,"count":7,"filter":"raw","term_order":"0","cat_ID":5912,"category_count":7,"category_description":"","cat_name":"CANON","category_nicename":"canon-en","category_parent":0},{"term_id":5911,"name":"Large Format Printing","slug":"large-format-printing","term_group":0,"term_taxonomy_id":5911,"taxonomy":"category","description":"","parent":4278,"count":7,"filter":"raw","term_order":"0","cat_ID":5911,"category_count":7,"category_description":"","cat_name":"Large Format Printing","category_nicename":"large-format-printing","category_parent":4278},{"term_id":5694,"name":"Professional Printing","slug":"professional-printing","term_group":0,"term_taxonomy_id":5694,"taxonomy":"category","description":"","parent":4278,"count":4,"filter":"raw","term_order":"0","cat_ID":5694,"category_count":4,"category_description":"","cat_name":"Professional Printing","category_nicename":"professional-printing","category_parent":4278}],"tag_info":false,"_links":{"self":[{"href":"https:\/\/www.apphoto.es\/en\/wp-json\/wp\/v2\/posts\/183944","targetHints":{"allow":["GET"]}}],"collection":[{"href":"https:\/\/www.apphoto.es\/en\/wp-json\/wp\/v2\/posts"}],"about":[{"href":"https:\/\/www.apphoto.es\/en\/wp-json\/wp\/v2\/types\/post"}],"author":[{"embeddable":true,"href":"https:\/\/www.apphoto.es\/en\/wp-json\/wp\/v2\/users\/17810"}],"replies":[{"embeddable":true,"href":"https:\/\/www.apphoto.es\/en\/wp-json\/wp\/v2\/comments?post=183944"}],"version-history":[{"count":0,"href":"https:\/\/www.apphoto.es\/en\/wp-json\/wp\/v2\/posts\/183944\/revisions"}],"wp:featuredmedia":[{"embeddable":true,"href":"https:\/\/www.apphoto.es\/en\/wp-json\/wp\/v2\/media\/175112"}],"wp:attachment":[{"href":"https:\/\/www.apphoto.es\/en\/wp-json\/wp\/v2\/media?parent=183944"}],"wp:term":[{"taxonomy":"category","embeddable":true,"href":"https:\/\/www.apphoto.es\/en\/wp-json\/wp\/v2\/categories?post=183944"},{"taxonomy":"post_tag","embeddable":true,"href":"https:\/\/www.apphoto.es\/en\/wp-json\/wp\/v2\/tags?post=183944"}],"curies":[{"name":"wp","href":"https:\/\/api.w.org\/{rel}","templated":true}]}}