{"id":183993,"date":"2024-02-05T16:29:01","date_gmt":"2024-02-05T15:29:01","guid":{"rendered":"https:\/\/www.apphoto.es\/discover-exclusive-customization-with-ap-customlabel-at-barcelona-wine-week\/"},"modified":"2024-02-19T19:18:16","modified_gmt":"2024-02-19T18:18:16","slug":"discover-exclusive-customization-with-ap-customlabel-at-barcelona-wine-week","status":"publish","type":"post","link":"https:\/\/www.apphoto.es\/en\/discover-exclusive-customization-with-ap-customlabel-at-barcelona-wine-week\/","title":{"rendered":"Discover Exclusive Customization with AP CustomLabel at Barcelona Wine Week!"},"content":{"rendered":"<style>.kb-row-layout-id182185_759509-41 > .kt-row-column-wrap{align-content:start;}:where(.kb-row-layout-id182185_759509-41 > .kt-row-column-wrap) > .wp-block-kadence-column{justify-content:start;}.kb-row-layout-id182185_759509-41 > .kt-row-column-wrap{column-gap:var(--global-kb-gap-md, 2rem);row-gap:var(--global-kb-gap-md, 2rem);padding-top:var(--global-kb-spacing-sm, 1.5rem);padding-bottom:var(--global-kb-spacing-sm, 1.5rem);grid-template-columns:minmax(0, 1fr);}.kb-row-layout-id182185_759509-41 > .kt-row-layout-overlay{opacity:0.30;}@media all and (max-width: 1024px){.kb-row-layout-id182185_759509-41 > .kt-row-column-wrap{grid-template-columns:minmax(0, 1fr);}}@media all and (max-width: 767px){.kb-row-layout-id182185_759509-41 > .kt-row-column-wrap{grid-template-columns:minmax(0, 1fr);}}<\/style><div class=\"kb-row-layout-wrap kb-row-layout-id182185_759509-41 alignnone wp-block-kadence-rowlayout\"><div class=\"kt-row-column-wrap kt-has-1-columns kt-row-layout-equal kt-tab-layout-inherit kt-mobile-layout-row kt-row-valign-top\">\n<style>.kadence-column182185_604d3b-49 > .kt-inside-inner-col,.kadence-column182185_604d3b-49 > .kt-inside-inner-col:before{border-top-left-radius:0px;border-top-right-radius:0px;border-bottom-right-radius:0px;border-bottom-left-radius:0px;}.kadence-column182185_604d3b-49 > .kt-inside-inner-col{column-gap:var(--global-kb-gap-sm, 1rem);}.kadence-column182185_604d3b-49 > .kt-inside-inner-col{flex-direction:column;}.kadence-column182185_604d3b-49 > .kt-inside-inner-col > .aligncenter{width:100%;}.kadence-column182185_604d3b-49 > .kt-inside-inner-col:before{opacity:0.3;}.kadence-column182185_604d3b-49{position:relative;}@media all and (max-width: 1024px){.kadence-column182185_604d3b-49 > .kt-inside-inner-col{flex-direction:column;justify-content:center;}}@media all and (max-width: 767px){.kadence-column182185_604d3b-49 > .kt-inside-inner-col{flex-direction:column;justify-content:center;}}<\/style>\n<div class=\"wp-block-kadence-column kadence-column182185_604d3b-49\"><div class=\"kt-inside-inner-col\">\n<p class=\"wp-block-paragraph\">\u00a1Amantes del vino, en\u00f3logos y entusiastas del enoturismo, tenemos noticias para compartir! AP PHOTO Industries estar\u00e1 presente en la Barcelona Wine Week los d\u00edas 5, 6 y 7 de febrero, \u00a1y estamos encantados de invitarte a conocer nuestro sistema de personalizaci\u00f3n de etiquetas, el &#8220;AP CustomLabel&#8221;!<\/p>\n\n\n<style>.wp-block-kadence-advancedheading.kt-adv-heading182185_362fa0-3a, .wp-block-kadence-advancedheading.kt-adv-heading182185_362fa0-3a[data-kb-block=\"kb-adv-heading182185_362fa0-3a\"]{font-style:normal;}.wp-block-kadence-advancedheading.kt-adv-heading182185_362fa0-3a mark.kt-highlight, .wp-block-kadence-advancedheading.kt-adv-heading182185_362fa0-3a[data-kb-block=\"kb-adv-heading182185_362fa0-3a\"] mark.kt-highlight{font-style:normal;color:#f76a0c;-webkit-box-decoration-break:clone;box-decoration-break:clone;padding-top:0px;padding-right:0px;padding-bottom:0px;padding-left:0px;}.wp-block-kadence-advancedheading.kt-adv-heading182185_362fa0-3a img.kb-inline-image, .wp-block-kadence-advancedheading.kt-adv-heading182185_362fa0-3a[data-kb-block=\"kb-adv-heading182185_362fa0-3a\"] img.kb-inline-image{width:150px;vertical-align:baseline;}<\/style>\n<h2 class=\"kt-adv-heading182185_362fa0-3a wp-block-kadence-advancedheading\" data-kb-block=\"kb-adv-heading182185_362fa0-3a\"><strong>Ubicaci\u00f3n<\/strong><\/h2>\n\n\n<style>.wp-block-kadence-advancedheading.kt-adv-heading182185_34450e-a4, .wp-block-kadence-advancedheading.kt-adv-heading182185_34450e-a4[data-kb-block=\"kb-adv-heading182185_34450e-a4\"]{font-style:normal;}.wp-block-kadence-advancedheading.kt-adv-heading182185_34450e-a4 mark.kt-highlight, .wp-block-kadence-advancedheading.kt-adv-heading182185_34450e-a4[data-kb-block=\"kb-adv-heading182185_34450e-a4\"] mark.kt-highlight{font-style:normal;color:#f76a0c;-webkit-box-decoration-break:clone;box-decoration-break:clone;padding-top:0px;padding-right:0px;padding-bottom:0px;padding-left:0px;}.wp-block-kadence-advancedheading.kt-adv-heading182185_34450e-a4 img.kb-inline-image, .wp-block-kadence-advancedheading.kt-adv-heading182185_34450e-a4[data-kb-block=\"kb-adv-heading182185_34450e-a4\"] img.kb-inline-image{width:150px;vertical-align:baseline;}<\/style>\n<p class=\"kt-adv-heading182185_34450e-a4 wp-block-kadence-advancedheading\" data-kb-block=\"kb-adv-heading182185_34450e-a4\"><br\/>Te esperamos en el Pabell\u00f3n 8-Nivel 0, Calle A-Stand 233, en Barcelona para explicarte c\u00f3mo AP CustomLabel puede transformar la experiencia de tus clientes en el mundo del vino, cava, cervezas y mucho m\u00e1s.<\/p>\n\n\n<style>.wp-block-kadence-advancedheading.kt-adv-heading182185_9df627-d7, .wp-block-kadence-advancedheading.kt-adv-heading182185_9df627-d7[data-kb-block=\"kb-adv-heading182185_9df627-d7\"]{font-style:normal;}.wp-block-kadence-advancedheading.kt-adv-heading182185_9df627-d7 mark.kt-highlight, .wp-block-kadence-advancedheading.kt-adv-heading182185_9df627-d7[data-kb-block=\"kb-adv-heading182185_9df627-d7\"] mark.kt-highlight{font-style:normal;color:#f76a0c;-webkit-box-decoration-break:clone;box-decoration-break:clone;padding-top:0px;padding-right:0px;padding-bottom:0px;padding-left:0px;}.wp-block-kadence-advancedheading.kt-adv-heading182185_9df627-d7 img.kb-inline-image, .wp-block-kadence-advancedheading.kt-adv-heading182185_9df627-d7[data-kb-block=\"kb-adv-heading182185_9df627-d7\"] img.kb-inline-image{width:150px;vertical-align:baseline;}<\/style>\n<h2 class=\"kt-adv-heading182185_9df627-d7 wp-block-kadence-advancedheading\" data-kb-block=\"kb-adv-heading182185_9df627-d7\"><strong>\u00bfQu\u00e9 es Barcelona Wine Week?<\/strong><\/h2>\n\n\n<style>.wp-block-kadence-advancedheading.kt-adv-heading182185_ca0768-3b, .wp-block-kadence-advancedheading.kt-adv-heading182185_ca0768-3b[data-kb-block=\"kb-adv-heading182185_ca0768-3b\"]{font-style:normal;}.wp-block-kadence-advancedheading.kt-adv-heading182185_ca0768-3b mark.kt-highlight, .wp-block-kadence-advancedheading.kt-adv-heading182185_ca0768-3b[data-kb-block=\"kb-adv-heading182185_ca0768-3b\"] mark.kt-highlight{font-style:normal;color:#f76a0c;-webkit-box-decoration-break:clone;box-decoration-break:clone;padding-top:0px;padding-right:0px;padding-bottom:0px;padding-left:0px;}.wp-block-kadence-advancedheading.kt-adv-heading182185_ca0768-3b img.kb-inline-image, .wp-block-kadence-advancedheading.kt-adv-heading182185_ca0768-3b[data-kb-block=\"kb-adv-heading182185_ca0768-3b\"] img.kb-inline-image{width:150px;vertical-align:baseline;}<\/style>\n<p class=\"kt-adv-heading182185_ca0768-3b wp-block-kadence-advancedheading\" data-kb-block=\"kb-adv-heading182185_ca0768-3b\"><br\/>Barcelona Wine Week es un evento destacado en el mundo vin\u00edcola, reuniendo a profesionales y apasionados del vino. Es una oportunidad \u00fanica para descubrir las \u00faltimas tendencias, innovaciones y productos de la industria. \u00a1No te pierdas la oportunidad de sumergirte en el fascinante universo del vino!<\/p>\n\n\n<style>.wp-block-kadence-advancedheading.kt-adv-heading182185_35ae1b-7a, .wp-block-kadence-advancedheading.kt-adv-heading182185_35ae1b-7a[data-kb-block=\"kb-adv-heading182185_35ae1b-7a\"]{font-style:normal;}.wp-block-kadence-advancedheading.kt-adv-heading182185_35ae1b-7a mark.kt-highlight, .wp-block-kadence-advancedheading.kt-adv-heading182185_35ae1b-7a[data-kb-block=\"kb-adv-heading182185_35ae1b-7a\"] mark.kt-highlight{font-style:normal;color:#f76a0c;-webkit-box-decoration-break:clone;box-decoration-break:clone;padding-top:0px;padding-right:0px;padding-bottom:0px;padding-left:0px;}.wp-block-kadence-advancedheading.kt-adv-heading182185_35ae1b-7a img.kb-inline-image, .wp-block-kadence-advancedheading.kt-adv-heading182185_35ae1b-7a[data-kb-block=\"kb-adv-heading182185_35ae1b-7a\"] img.kb-inline-image{width:150px;vertical-align:baseline;}<\/style>\n<h2 class=\"kt-adv-heading182185_35ae1b-7a wp-block-kadence-advancedheading\" data-kb-block=\"kb-adv-heading182185_35ae1b-7a\"><strong>AP CustomLabel: Personalizaci\u00f3n Sin L\u00edmites<\/strong><\/h2>\n\n\n<style>.wp-block-kadence-advancedheading.kt-adv-heading182185_2d307b-ef, .wp-block-kadence-advancedheading.kt-adv-heading182185_2d307b-ef[data-kb-block=\"kb-adv-heading182185_2d307b-ef\"]{font-style:normal;}.wp-block-kadence-advancedheading.kt-adv-heading182185_2d307b-ef mark.kt-highlight, .wp-block-kadence-advancedheading.kt-adv-heading182185_2d307b-ef[data-kb-block=\"kb-adv-heading182185_2d307b-ef\"] mark.kt-highlight{font-style:normal;color:#f76a0c;-webkit-box-decoration-break:clone;box-decoration-break:clone;padding-top:0px;padding-right:0px;padding-bottom:0px;padding-left:0px;}.wp-block-kadence-advancedheading.kt-adv-heading182185_2d307b-ef img.kb-inline-image, .wp-block-kadence-advancedheading.kt-adv-heading182185_2d307b-ef[data-kb-block=\"kb-adv-heading182185_2d307b-ef\"] img.kb-inline-image{width:150px;vertical-align:baseline;}<\/style>\n<p class=\"kt-adv-heading182185_2d307b-ef wp-block-kadence-advancedheading\" data-kb-block=\"kb-adv-heading182185_2d307b-ef\"><br\/>Imagina poder personalizar tus etiquetas de vino, cava o cerveza de manera instant\u00e1nea y \u00fanica. Con AP CustomLabel, hacemos esto posible. Este sistema de personalizaci\u00f3n ocupa poco espacio y es perfecto para salas de ventas, recepciones o eventos.<\/p>\n\n\n<style>.wp-block-kadence-advancedheading.kt-adv-heading182185_c9973b-8a, .wp-block-kadence-advancedheading.kt-adv-heading182185_c9973b-8a[data-kb-block=\"kb-adv-heading182185_c9973b-8a\"]{font-style:normal;}.wp-block-kadence-advancedheading.kt-adv-heading182185_c9973b-8a mark.kt-highlight, .wp-block-kadence-advancedheading.kt-adv-heading182185_c9973b-8a[data-kb-block=\"kb-adv-heading182185_c9973b-8a\"] mark.kt-highlight{font-style:normal;color:#f76a0c;-webkit-box-decoration-break:clone;box-decoration-break:clone;padding-top:0px;padding-right:0px;padding-bottom:0px;padding-left:0px;}.wp-block-kadence-advancedheading.kt-adv-heading182185_c9973b-8a img.kb-inline-image, .wp-block-kadence-advancedheading.kt-adv-heading182185_c9973b-8a[data-kb-block=\"kb-adv-heading182185_c9973b-8a\"] img.kb-inline-image{width:150px;vertical-align:baseline;}<\/style>\n<h2 class=\"kt-adv-heading182185_c9973b-8a wp-block-kadence-advancedheading\" data-kb-block=\"kb-adv-heading182185_c9973b-8a\"><strong>Caracter\u00edsticas Destacadas<\/strong><\/h2>\n\n\n<style>.wp-block-kadence-advancedheading.kt-adv-heading182185_bfc3bf-d0, .wp-block-kadence-advancedheading.kt-adv-heading182185_bfc3bf-d0[data-kb-block=\"kb-adv-heading182185_bfc3bf-d0\"]{font-style:normal;}.wp-block-kadence-advancedheading.kt-adv-heading182185_bfc3bf-d0 mark.kt-highlight, .wp-block-kadence-advancedheading.kt-adv-heading182185_bfc3bf-d0[data-kb-block=\"kb-adv-heading182185_bfc3bf-d0\"] mark.kt-highlight{font-style:normal;color:#f76a0c;-webkit-box-decoration-break:clone;box-decoration-break:clone;padding-top:0px;padding-right:0px;padding-bottom:0px;padding-left:0px;}.wp-block-kadence-advancedheading.kt-adv-heading182185_bfc3bf-d0 img.kb-inline-image, .wp-block-kadence-advancedheading.kt-adv-heading182185_bfc3bf-d0[data-kb-block=\"kb-adv-heading182185_bfc3bf-d0\"] img.kb-inline-image{width:150px;vertical-align:baseline;}<\/style>\n<p class=\"kt-adv-heading182185_bfc3bf-d0 wp-block-kadence-advancedheading\" data-kb-block=\"kb-adv-heading182185_bfc3bf-d0\">Ocupa poco espacio, adaptable a cualquier entorno.<br\/>Genera su propia red wifi, sin necesidad de internet.<br\/>Totalmente port\u00e1til: lleva la personalizaci\u00f3n a donde quieras.<br\/>Utiliza la impresora EPSON C4000e para impresiones a color de calidad fotogr\u00e1fica.<br\/>Etiquetas Resistentes e Innovadoras:<br\/>Nuestras etiquetas resisten al agua y, si lo prefieres, pueden ser a prueba de cubiteras. Imagina sorprender a tus clientes con botellas personalizadas que resisten el paso del tiempo y mantienen su esplendor incluso en condiciones adversas.<\/p>\n\n\n<style>.wp-block-kadence-advancedheading.kt-adv-heading182185_20c573-c8, .wp-block-kadence-advancedheading.kt-adv-heading182185_20c573-c8[data-kb-block=\"kb-adv-heading182185_20c573-c8\"]{font-style:normal;}.wp-block-kadence-advancedheading.kt-adv-heading182185_20c573-c8 mark.kt-highlight, .wp-block-kadence-advancedheading.kt-adv-heading182185_20c573-c8[data-kb-block=\"kb-adv-heading182185_20c573-c8\"] mark.kt-highlight{font-style:normal;color:#f76a0c;-webkit-box-decoration-break:clone;box-decoration-break:clone;padding-top:0px;padding-right:0px;padding-bottom:0px;padding-left:0px;}.wp-block-kadence-advancedheading.kt-adv-heading182185_20c573-c8 img.kb-inline-image, .wp-block-kadence-advancedheading.kt-adv-heading182185_20c573-c8[data-kb-block=\"kb-adv-heading182185_20c573-c8\"] img.kb-inline-image{width:150px;vertical-align:baseline;}<\/style>\n<h2 class=\"kt-adv-heading182185_20c573-c8 wp-block-kadence-advancedheading\" data-kb-block=\"kb-adv-heading182185_20c573-c8\">Experiencia en Vivo<\/h2>\n\n\n<style>.wp-block-kadence-advancedheading.kt-adv-heading182185_25cdf9-7d, .wp-block-kadence-advancedheading.kt-adv-heading182185_25cdf9-7d[data-kb-block=\"kb-adv-heading182185_25cdf9-7d\"]{font-style:normal;}.wp-block-kadence-advancedheading.kt-adv-heading182185_25cdf9-7d mark.kt-highlight, .wp-block-kadence-advancedheading.kt-adv-heading182185_25cdf9-7d[data-kb-block=\"kb-adv-heading182185_25cdf9-7d\"] mark.kt-highlight{font-style:normal;color:#f76a0c;-webkit-box-decoration-break:clone;box-decoration-break:clone;padding-top:0px;padding-right:0px;padding-bottom:0px;padding-left:0px;}.wp-block-kadence-advancedheading.kt-adv-heading182185_25cdf9-7d img.kb-inline-image, .wp-block-kadence-advancedheading.kt-adv-heading182185_25cdf9-7d[data-kb-block=\"kb-adv-heading182185_25cdf9-7d\"] img.kb-inline-image{width:150px;vertical-align:baseline;}<\/style>\n<p class=\"kt-adv-heading182185_25cdf9-7d wp-block-kadence-advancedheading\" data-kb-block=\"kb-adv-heading182185_25cdf9-7d\"><br\/>Durante la Barcelona Wine Week, te invitamos a presenciar como creamos tu etiqueta personalizada en vivo, de manera sencilla y r\u00e1pida. Descubre c\u00f3mo mejorar la experiencia del enoturismo y eventos relacionados con el vino, cava y m\u00e1s. \u00a1Potencia tus ventas y marca la diferencia!<\/p>\n\n\n<style>.wp-block-kadence-advancedheading.kt-adv-heading182185_3bbc76-bb, .wp-block-kadence-advancedheading.kt-adv-heading182185_3bbc76-bb[data-kb-block=\"kb-adv-heading182185_3bbc76-bb\"]{font-style:normal;}.wp-block-kadence-advancedheading.kt-adv-heading182185_3bbc76-bb mark.kt-highlight, .wp-block-kadence-advancedheading.kt-adv-heading182185_3bbc76-bb[data-kb-block=\"kb-adv-heading182185_3bbc76-bb\"] mark.kt-highlight{font-style:normal;color:#f76a0c;-webkit-box-decoration-break:clone;box-decoration-break:clone;padding-top:0px;padding-right:0px;padding-bottom:0px;padding-left:0px;}.wp-block-kadence-advancedheading.kt-adv-heading182185_3bbc76-bb img.kb-inline-image, .wp-block-kadence-advancedheading.kt-adv-heading182185_3bbc76-bb[data-kb-block=\"kb-adv-heading182185_3bbc76-bb\"] img.kb-inline-image{width:150px;vertical-align:baseline;}<\/style>\n<h2 class=\"kt-adv-heading182185_3bbc76-bb wp-block-kadence-advancedheading\" data-kb-block=\"kb-adv-heading182185_3bbc76-bb\">Con AP PHOTO, Bienvenidos a la Era de la Personalizaci\u00f3n Bajo Demanda<\/h2>\n\n\n\n<p class=\"wp-block-paragraph\"><br\/>En AP PHOTO, abrazamos la era de la personalizaci\u00f3n de etiquetas in situ y al momento. A\u00f1ade un toque personal y \u00fanico a cada botella de tu cat\u00e1logo, conectando emocionalmente con tus clientes y potenciando las ventas en tu bodega o eventos.<\/p>\n\n\n\n<p class=\"wp-block-paragraph\">\u00a1Haz que cada botella cuente su propia historia! \u00danete a nosotros en la Barcelona Wine Week y descubre c\u00f3mo AP CustomLabel puede transformar tu negocio.<\/p>\n\n\n\n<p class=\"wp-block-paragraph\">\u00a1Te esperamos con entusiasmo para compartir esta experiencia \u00fanica en el mundo del vino y la personalizaci\u00f3n de etiquetas!<\/p>\n<\/div><\/div>\n\n<\/div><\/div>","protected":false},"excerpt":{"rendered":"<p>\u00a1Amantes del vino, en\u00f3logos y entusiastas del enoturismo, tenemos noticias para compartir! AP PHOTO Industries estar\u00e1 presente en la Barcelona Wine Week los d\u00edas 5, 6 y 7 de febrero, \u00a1y estamos encantados de invitarte a conocer nuestro sistema de personalizaci\u00f3n de etiquetas, el &#8220;AP CustomLabel&#8221;! Ubicaci\u00f3n Te esperamos en el Pabell\u00f3n 8-Nivel 0, Calle&#8230;<\/p>\n","protected":false},"author":17810,"featured_media":182212,"comment_status":"open","ping_status":"closed","sticky":false,"template":"","format":"standard","meta":{"_acf_changed":false,"_kad_blocks_custom_css":"","_kad_blocks_head_custom_js":"","_kad_blocks_body_custom_js":"","_kad_blocks_footer_custom_js":"","_kadence_starter_templates_imported_post":false,"_kad_post_transparent":"","_kad_post_title":"","_kad_post_layout":"","_kad_post_sidebar_id":"","_kad_post_content_style":"","_kad_post_vertical_padding":"","_kad_post_feature":"","_kad_post_feature_position":"","_kad_post_header":false,"_kad_post_footer":false,"_kad_post_classname":"","footnotes":""},"categories":[4270],"tags":[],"class_list":["post-183993","post","type-post","status-publish","format-standard","has-post-thumbnail","hentry","category-events"],"acf":[],"taxonomy_info":{"category":[{"value":4270,"label":"Events"}]},"featured_image_src_large":["https:\/\/www.apphoto.es\/wp-content\/uploads\/2024\/02\/barcelona-wine-week-2-1024x512.jpg",1024,512,true],"author_info":{"display_name":"Rosa Garcia","author_link":"#"},"comment_info":0,"category_info":[{"term_id":4270,"name":"Events","slug":"events","term_group":0,"term_taxonomy_id":4270,"taxonomy":"category","description":"","parent":0,"count":6,"filter":"raw","term_order":"0","cat_ID":4270,"category_count":6,"category_description":"","cat_name":"Events","category_nicename":"events","category_parent":0}],"tag_info":false,"_links":{"self":[{"href":"https:\/\/www.apphoto.es\/en\/wp-json\/wp\/v2\/posts\/183993","targetHints":{"allow":["GET"]}}],"collection":[{"href":"https:\/\/www.apphoto.es\/en\/wp-json\/wp\/v2\/posts"}],"about":[{"href":"https:\/\/www.apphoto.es\/en\/wp-json\/wp\/v2\/types\/post"}],"author":[{"embeddable":true,"href":"https:\/\/www.apphoto.es\/en\/wp-json\/wp\/v2\/users\/17810"}],"replies":[{"embeddable":true,"href":"https:\/\/www.apphoto.es\/en\/wp-json\/wp\/v2\/comments?post=183993"}],"version-history":[{"count":0,"href":"https:\/\/www.apphoto.es\/en\/wp-json\/wp\/v2\/posts\/183993\/revisions"}],"wp:featuredmedia":[{"embeddable":true,"href":"https:\/\/www.apphoto.es\/en\/wp-json\/wp\/v2\/media\/182212"}],"wp:attachment":[{"href":"https:\/\/www.apphoto.es\/en\/wp-json\/wp\/v2\/media?parent=183993"}],"wp:term":[{"taxonomy":"category","embeddable":true,"href":"https:\/\/www.apphoto.es\/en\/wp-json\/wp\/v2\/categories?post=183993"},{"taxonomy":"post_tag","embeddable":true,"href":"https:\/\/www.apphoto.es\/en\/wp-json\/wp\/v2\/tags?post=183993"}],"curies":[{"name":"wp","href":"https:\/\/api.w.org\/{rel}","templated":true}]}}